{"id":236,"date":"2020-06-03T18:52:47","date_gmt":"2020-06-03T16:52:47","guid":{"rendered":"https:\/\/lafermedepierre.fr\/?p=236"},"modified":"2021-01-11T18:33:11","modified_gmt":"2021-01-11T17:33:11","slug":"la-restauration-du-four-a-pain","status":"publish","type":"post","link":"https:\/\/lafermedepierre.fr\/index.php\/2020\/06\/03\/la-restauration-du-four-a-pain\/","title":{"rendered":"La restauration du four \u00e0 pain"},"content":{"rendered":"<div class=\"row\"  id=\"row-166148218\">\n<div class=\"col medium-7 small-12 large-7\"  ><div class=\"col-inner\" style=\"padding:57px 0px 0px 0px;\" >\n<p>De l\u2019\u00e9poque de l\u2019ancien r\u00e9gime o\u00f9 le four \u00e9tait l\u2019apanage du seigneur jusqu\u2019au XIXe si\u00e8cle o\u00f9 la fabrication du pain devient symbole de l\u2019\u00e9mancipation des droits seigneuriaux, le four \u00e0 pain est un endroit particuli\u00e8rement choy\u00e9 de nos anc\u00eatres.<br \/>\nOn s\u2019imagine les bandes de gamins s\u2019agglutinant devant une fourn\u00e9e de bon pain tout chaud, ou encore des familles enti\u00e8res de nombreux hameaux d&#8217;Elliant venant faire cuire leur pain pour rassasier toute la famille&#8230;<br \/>\nLa magie pourra continuer aujourd&#8217;hui gr\u00e2ce au Savoir-Faire d&#8217;Olivier et de ses amis qui ont commenc\u00e9 la restauration de ce magnifique four datant du 19\u00e8me si\u00e8cle.<\/p>\n<\/div><\/div>\n<div class=\"col medium-5 small-12 large-5\"  ><div class=\"col-inner\"  >\n\t<div class=\"img has-hover x md-x lg-x y md-y lg-y\" id=\"image_1858501897\">\n\t\t<a class=\"image-lightbox lightbox-gallery\" href=\"https:\/\/lafermedepierre.fr\/wp-content\/uploads\/2020\/06\/four-a-pain3-ferme-de-pierre-elliant.jpg\" title=\"\">\t\t\t\t\t\t<div class=\"img-inner dark\" >\n\t\t\t<img width=\"750\" height=\"1000\" src=\"https:\/\/lafermedepierre.fr\/wp-content\/uploads\/2020\/06\/four-a-pain3-ferme-de-pierre-elliant.jpg\" class=\"attachment-large size-large\" alt=\"\" loading=\"lazy\" srcset=\"https:\/\/lafermedepierre.fr\/wp-content\/uploads\/2020\/06\/four-a-pain3-ferme-de-pierre-elliant.jpg 750w, https:\/\/lafermedepierre.fr\/wp-content\/uploads\/2020\/06\/four-a-pain3-ferme-de-pierre-elliant-225x300.jpg 225w, https:\/\/lafermedepierre.fr\/wp-content\/uploads\/2020\/06\/four-a-pain3-ferme-de-pierre-elliant-600x800.jpg 600w\" sizes=\"(max-width: 750px) 100vw, 750px\" \/>\t\t\t\t\t\t\n\t\t\t\t\t<\/div>\n\t\t\t\t\t\t<\/a>\t\t\n<style scope=\"scope\">\n\n#image_1858501897 {\n  width: 100%;\n}\n<\/style>\n\t<\/div>\n\t\n<\/div><\/div>\n<\/div>\n<div class=\"row\"  id=\"row-2117588799\">\n<div class=\"col medium-6 small-12 large-6\"  ><div class=\"col-inner\"  >\n<div class=\"slider-wrapper relative \" id=\"slider-2074293826\" >\n    <div class=\"slider slider-nav-circle slider-nav-large slider-nav-light slider-style-normal\"\n        data-flickity-options='{\n            \"cellAlign\": \"center\",\n            \"imagesLoaded\": true,\n            \"lazyLoad\": 1,\n            \"freeScroll\": false,\n            \"wrapAround\": true,\n            \"autoPlay\": 6000,\n            \"pauseAutoPlayOnHover\" : true,\n            \"prevNextButtons\": true,\n            \"contain\" : true,\n            \"adaptiveHeight\" : true,\n            \"dragThreshold\" : 5,\n            \"percentPosition\": true,\n            \"pageDots\": true,\n            \"rightToLeft\": false,\n            \"draggable\": true,\n            \"selectedAttraction\": 0.1,\n            \"parallax\" : 0,\n            \"friction\": 0.6        }'\n        >\n        \n\t<div class=\"img has-hover x md-x lg-x y md-y lg-y\" id=\"image_1025336571\">\n\t\t<a class=\"image-lightbox lightbox-gallery\" href=\"https:\/\/lafermedepierre.fr\/wp-content\/uploads\/2020\/06\/four-a-pain4-ferme-de-pierre-elliant.jpg\" title=\"\">\t\t\t\t\t\t<div class=\"img-inner dark\" >\n\t\t\t<img width=\"1000\" height=\"750\" src=\"https:\/\/lafermedepierre.fr\/wp-content\/uploads\/2020\/06\/four-a-pain4-ferme-de-pierre-elliant.jpg\" class=\"attachment-large size-large\" alt=\"\" loading=\"lazy\" srcset=\"https:\/\/lafermedepierre.fr\/wp-content\/uploads\/2020\/06\/four-a-pain4-ferme-de-pierre-elliant.jpg 1000w, https:\/\/lafermedepierre.fr\/wp-content\/uploads\/2020\/06\/four-a-pain4-ferme-de-pierre-elliant-300x225.jpg 300w, https:\/\/lafermedepierre.fr\/wp-content\/uploads\/2020\/06\/four-a-pain4-ferme-de-pierre-elliant-768x576.jpg 768w, https:\/\/lafermedepierre.fr\/wp-content\/uploads\/2020\/06\/four-a-pain4-ferme-de-pierre-elliant-600x450.jpg 600w\" sizes=\"(max-width: 1000px) 100vw, 1000px\" \/>\t\t\t\t\t\t\n\t\t\t\t\t<\/div>\n\t\t\t\t\t\t<\/a>\t\t\n<style scope=\"scope\">\n\n#image_1025336571 {\n  width: 100%;\n}\n<\/style>\n\t<\/div>\n\t\n\t<div class=\"img has-hover x md-x lg-x y md-y lg-y\" id=\"image_1858177538\">\n\t\t<a class=\"image-lightbox lightbox-gallery\" href=\"https:\/\/lafermedepierre.fr\/wp-content\/uploads\/2020\/06\/four-a-pain2-ferme-de-pierre-elliant.jpg\" title=\"\">\t\t\t\t\t\t<div class=\"img-inner dark\" >\n\t\t\t<img width=\"1000\" height=\"750\" src=\"https:\/\/lafermedepierre.fr\/wp-content\/uploads\/2020\/06\/four-a-pain2-ferme-de-pierre-elliant.jpg\" class=\"attachment-large size-large\" alt=\"\" loading=\"lazy\" srcset=\"https:\/\/lafermedepierre.fr\/wp-content\/uploads\/2020\/06\/four-a-pain2-ferme-de-pierre-elliant.jpg 1000w, https:\/\/lafermedepierre.fr\/wp-content\/uploads\/2020\/06\/four-a-pain2-ferme-de-pierre-elliant-300x225.jpg 300w, https:\/\/lafermedepierre.fr\/wp-content\/uploads\/2020\/06\/four-a-pain2-ferme-de-pierre-elliant-768x576.jpg 768w, https:\/\/lafermedepierre.fr\/wp-content\/uploads\/2020\/06\/four-a-pain2-ferme-de-pierre-elliant-600x450.jpg 600w\" sizes=\"(max-width: 1000px) 100vw, 1000px\" \/>\t\t\t\t\t\t\n\t\t\t\t\t<\/div>\n\t\t\t\t\t\t<\/a>\t\t\n<style scope=\"scope\">\n\n#image_1858177538 {\n  width: 100%;\n}\n<\/style>\n\t<\/div>\n\t\n     <\/div>\n\n     <div class=\"loading-spin dark large centered\"><\/div>\n\n     <style scope=\"scope\">\n             <\/style>\n<\/div><!-- .ux-slider-wrapper -->\n\n\n<\/div><\/div>\n<div class=\"col medium-6 small-12 large-6\"  ><div class=\"col-inner\"  >\n<p>Au vu de la taille de la pi\u00e8ce ma\u00e7onn\u00e9e qui accueille le four, on imagine ais\u00e9ment la richesse de la ferme attenante qui accueille aujourd&#8217;hui les gites.<br \/>\nQuand le four n&#8217;\u00e9tait pas en fonctionnement, les boulangers pouvaient tout de m\u00eame s&#8217;y r\u00e9unir au chaud gr\u00e2ce \u00e0 une belle chemin\u00e9e d&#8217;appoint.<\/p>\n<p>Et quand on met le nez sous cette voute ma\u00e7onn\u00e9e telle une abside romane, on peut imaginer la chaleur d\u00e9gag\u00e9e (environ 350\u00b0) et ce parfum de croute dor\u00e9e qui devait embaumer la campagne.<\/p>\n<\/div><\/div>\n<\/div>\n","protected":false},"excerpt":{"rendered":"","protected":false},"author":2,"featured_media":237,"comment_status":"closed","ping_status":"closed","sticky":false,"template":"","format":"standard","meta":[],"categories":[17],"tags":[],"_links":{"self":[{"href":"https:\/\/lafermedepierre.fr\/index.php\/wp-json\/wp\/v2\/posts\/236"}],"collection":[{"href":"https:\/\/lafermedepierre.fr\/index.php\/wp-json\/wp\/v2\/posts"}],"about":[{"href":"https:\/\/lafermedepierre.fr\/index.php\/wp-json\/wp\/v2\/types\/post"}],"author":[{"embeddable":true,"href":"https:\/\/lafermedepierre.fr\/index.php\/wp-json\/wp\/v2\/users\/2"}],"replies":[{"embeddable":true,"href":"https:\/\/lafermedepierre.fr\/index.php\/wp-json\/wp\/v2\/comments?post=236"}],"version-history":[{"count":3,"href":"https:\/\/lafermedepierre.fr\/index.php\/wp-json\/wp\/v2\/posts\/236\/revisions"}],"predecessor-version":[{"id":246,"href":"https:\/\/lafermedepierre.fr\/index.php\/wp-json\/wp\/v2\/posts\/236\/revisions\/246"}],"wp:featuredmedia":[{"embeddable":true,"href":"https:\/\/lafermedepierre.fr\/index.php\/wp-json\/wp\/v2\/media\/237"}],"wp:attachment":[{"href":"https:\/\/lafermedepierre.fr\/index.php\/wp-json\/wp\/v2\/media?parent=236"}],"wp:term":[{"taxonomy":"category","embeddable":true,"href":"https:\/\/lafermedepierre.fr\/index.php\/wp-json\/wp\/v2\/categories?post=236"},{"taxonomy":"post_tag","embeddable":true,"href":"https:\/\/lafermedepierre.fr\/index.php\/wp-json\/wp\/v2\/tags?post=236"}],"curies":[{"name":"wp","href":"https:\/\/api.w.org\/{rel}","templated":true}]}}